{"id":2078,"date":"2022-04-12T16:52:05","date_gmt":"2022-04-12T16:52:05","guid":{"rendered":"https:\/\/eqavet.aeag.pt\/portal\/?p=2078"},"modified":"2022-11-15T18:16:39","modified_gmt":"2022-11-15T18:16:39","slug":"os-nossos-jardineiros-em-acao","status":"publish","type":"post","link":"https:\/\/eqavet.aeag.pt\/portal\/os-nossos-jardineiros-em-acao\/","title":{"rendered":"Os nossos jardineiros em a\u00e7\u00e3o"},"content":{"rendered":"\n<p>Os alunos do Curso Profissional de T\u00e9cnico De Jardinagem e Espa\u00e7os Verdes, acompanhados pelos professores e pelo Sr. Carlos Cardoso, jardineiro dos viveiros da C\u00e2mara Municipal de Chaves, tiveram uma manh\u00e3 repleta de aprendizagens: semearam, plantaram e prepararam plantas e vasos de flores que servir\u00e3o para embelezar as escolas do Agrupamento e tamb\u00e9m para para poderem colher frutos, legumes e flores comest\u00edveis que em breve ser\u00e3o dados a provar. Est\u00e3o de parab\u00e9ns!&#8221;<\/p>\n\n\n\n<figure class=\"wp-block-gallery has-nested-images columns-default is-cropped wp-block-gallery-1 is-layout-flex wp-block-gallery-is-layout-flex\">\n<figure class=\"wp-block-image size-large\"><img fetchpriority=\"high\" decoding=\"async\" width=\"768\" height=\"1024\" data-id=\"2081\" src=\"https:\/\/eqavet.aeag.pt\/portal\/wp-content\/uploads\/2022\/04\/tjev_at1_foto1-768x1024.jpg\" alt=\"\" class=\"wp-image-2081\" srcset=\"https:\/\/eqavet.aeag.pt\/portal\/wp-content\/uploads\/2022\/04\/tjev_at1_foto1-768x1025.jpg 768w, https:\/\/eqavet.aeag.pt\/portal\/wp-content\/uploads\/2022\/04\/tjev_at1_foto1-225x300.jpg 225w, https:\/\/eqavet.aeag.pt\/portal\/wp-content\/uploads\/2022\/04\/tjev_at1_foto1.jpg 1024w\" sizes=\"(max-width: 768px) 100vw, 768px\" \/><\/figure>\n\n\n\n<figure class=\"wp-block-image size-large\"><img decoding=\"async\" width=\"768\" height=\"1024\" data-id=\"2080\" src=\"https:\/\/eqavet.aeag.pt\/portal\/wp-content\/uploads\/2022\/04\/tjev_at1_foto2-768x1024.jpg\" alt=\"\" class=\"wp-image-2080\" srcset=\"https:\/\/eqavet.aeag.pt\/portal\/wp-content\/uploads\/2022\/04\/tjev_at1_foto2-768x1025.jpg 768w, https:\/\/eqavet.aeag.pt\/portal\/wp-content\/uploads\/2022\/04\/tjev_at1_foto2-225x300.jpg 225w, https:\/\/eqavet.aeag.pt\/portal\/wp-content\/uploads\/2022\/04\/tjev_at1_foto2.jpg 1024w\" sizes=\"(max-width: 768px) 100vw, 768px\" \/><\/figure>\n\n\n\n<figure class=\"wp-block-image size-large\"><img decoding=\"async\" width=\"768\" height=\"1024\" data-id=\"2079\" src=\"https:\/\/eqavet.aeag.pt\/portal\/wp-content\/uploads\/2022\/04\/tjev_at1_foto3-768x1024.jpg\" alt=\"\" class=\"wp-image-2079\" srcset=\"https:\/\/eqavet.aeag.pt\/portal\/wp-content\/uploads\/2022\/04\/tjev_at1_foto3-768x1025.jpg 768w, https:\/\/eqavet.aeag.pt\/portal\/wp-content\/uploads\/2022\/04\/tjev_at1_foto3-225x300.jpg 225w, https:\/\/eqavet.aeag.pt\/portal\/wp-content\/uploads\/2022\/04\/tjev_at1_foto3.jpg 1024w\" sizes=\"(max-width: 768px) 100vw, 768px\" \/><\/figure>\n<figcaption class=\"blocks-gallery-caption\">Visita aos viveiros CMC<\/figcaption><\/figure>\n\n\n\n<figure class=\"wp-block-gallery has-nested-images columns-default is-cropped wp-block-gallery-2 is-layout-flex wp-block-gallery-is-layout-flex\">\n<figure class=\"wp-block-image size-large\"><img loading=\"lazy\" decoding=\"async\" width=\"1025\" height=\"769\" data-id=\"2082\" src=\"https:\/\/eqavet.aeag.pt\/portal\/wp-content\/uploads\/2022\/04\/tjev_at1_foto4.jpg\" alt=\"\" class=\"wp-image-2082\" srcset=\"https:\/\/eqavet.aeag.pt\/portal\/wp-content\/uploads\/2022\/04\/tjev_at1_foto4.jpg 1025w, https:\/\/eqavet.aeag.pt\/portal\/wp-content\/uploads\/2022\/04\/tjev_at1_foto4-300x225.jpg 300w, https:\/\/eqavet.aeag.pt\/portal\/wp-content\/uploads\/2022\/04\/tjev_at1_foto4-768x576.jpg 768w\" sizes=\"(max-width: 1025px) 100vw, 1025px\" \/><\/figure>\n\n\n\n<figure class=\"wp-block-image size-large\"><img loading=\"lazy\" decoding=\"async\" width=\"1025\" height=\"769\" data-id=\"2083\" src=\"https:\/\/eqavet.aeag.pt\/portal\/wp-content\/uploads\/2022\/04\/tjev_at1_foto5.jpg\" alt=\"\" class=\"wp-image-2083\" srcset=\"https:\/\/eqavet.aeag.pt\/portal\/wp-content\/uploads\/2022\/04\/tjev_at1_foto5.jpg 1025w, https:\/\/eqavet.aeag.pt\/portal\/wp-content\/uploads\/2022\/04\/tjev_at1_foto5-300x225.jpg 300w, https:\/\/eqavet.aeag.pt\/portal\/wp-content\/uploads\/2022\/04\/tjev_at1_foto5-768x576.jpg 768w\" sizes=\"(max-width: 1025px) 100vw, 1025px\" \/><\/figure>\n<figcaption class=\"blocks-gallery-caption\">Embelezamento do espa\u00e7o escolar &#8211; ESAG<\/figcaption><\/figure>\n","protected":false},"excerpt":{"rendered":"<p>Os alunos do Curso Profissional de T\u00e9cnico De Jardinagem e Espa\u00e7os Verdes, acompanhados pelos professores e pelo Sr. Carlos Cardoso, jardineiro dos viveiros da C\u00e2mara Municipal de Chaves, tiveram uma manh\u00e3 repleta de aprendizagens: semearam, plantaram e prepararam plantas e vasos de flores que servir\u00e3o para embelezar as escolas do Agrupamento e tamb\u00e9m para para [&hellip;]<\/p>\n","protected":false},"author":1,"featured_media":2083,"comment_status":"closed","ping_status":"closed","sticky":false,"template":"","format":"standard","meta":{"footnotes":""},"categories":[2],"tags":[12],"class_list":["post-2078","post","type-post","status-publish","format-standard","has-post-thumbnail","hentry","category-noticias","tag-tjardinagem"],"blocksy_meta":{"styles_descriptor":{"styles":{"desktop":"","tablet":"","mobile":""},"google_fonts":[],"version":6}},"_links":{"self":[{"href":"https:\/\/eqavet.aeag.pt\/portal\/wp-json\/wp\/v2\/posts\/2078","targetHints":{"allow":["GET"]}}],"collection":[{"href":"https:\/\/eqavet.aeag.pt\/portal\/wp-json\/wp\/v2\/posts"}],"about":[{"href":"https:\/\/eqavet.aeag.pt\/portal\/wp-json\/wp\/v2\/types\/post"}],"author":[{"embeddable":true,"href":"https:\/\/eqavet.aeag.pt\/portal\/wp-json\/wp\/v2\/users\/1"}],"replies":[{"embeddable":true,"href":"https:\/\/eqavet.aeag.pt\/portal\/wp-json\/wp\/v2\/comments?post=2078"}],"version-history":[{"count":0,"href":"https:\/\/eqavet.aeag.pt\/portal\/wp-json\/wp\/v2\/posts\/2078\/revisions"}],"wp:featuredmedia":[{"embeddable":true,"href":"https:\/\/eqavet.aeag.pt\/portal\/wp-json\/wp\/v2\/media\/2083"}],"wp:attachment":[{"href":"https:\/\/eqavet.aeag.pt\/portal\/wp-json\/wp\/v2\/media?parent=2078"}],"wp:term":[{"taxonomy":"category","embeddable":true,"href":"https:\/\/eqavet.aeag.pt\/portal\/wp-json\/wp\/v2\/categories?post=2078"},{"taxonomy":"post_tag","embeddable":true,"href":"https:\/\/eqavet.aeag.pt\/portal\/wp-json\/wp\/v2\/tags?post=2078"}],"curies":[{"name":"wp","href":"https:\/\/api.w.org\/{rel}","templated":true}]}}