{"id":2800,"date":"2024-03-10T15:37:17","date_gmt":"2024-03-10T15:37:17","guid":{"rendered":"https:\/\/eqavet.aeag.pt\/portal\/?p=2800"},"modified":"2025-02-14T11:08:37","modified_gmt":"2025-02-14T11:08:37","slug":"visita-de-estudo-exponor-qualifica-2024","status":"publish","type":"post","link":"https:\/\/eqavet.aeag.pt\/portal\/visita-de-estudo-exponor-qualifica-2024\/","title":{"rendered":"Visita de Estudo &#8211; EXPONOR &#8211; Qualifica 2024"},"content":{"rendered":"\t\t<div data-elementor-type=\"wp-post\" data-elementor-id=\"2800\" class=\"elementor elementor-2800\">\n\t\t\t\t\t\t<section class=\"elementor-section elementor-top-section elementor-element elementor-element-7b07ef22 elementor-section-boxed elementor-section-height-default elementor-section-height-default\" data-id=\"7b07ef22\" data-element_type=\"section\" data-e-type=\"section\">\n\t\t\t\t\t\t<div class=\"elementor-container elementor-column-gap-default\">\n\t\t\t\t\t<div class=\"elementor-column elementor-col-100 elementor-top-column elementor-element elementor-element-3070cc2d\" data-id=\"3070cc2d\" data-element_type=\"column\" data-e-type=\"column\">\n\t\t\t<div class=\"elementor-widget-wrap elementor-element-populated\">\n\t\t\t\t\t\t<div class=\"elementor-element elementor-element-7aab8d8c elementor-widget elementor-widget-text-editor\" data-id=\"7aab8d8c\" data-element_type=\"widget\" data-e-type=\"widget\" data-widget_type=\"text-editor.default\">\n\t\t\t\t<div class=\"elementor-widget-container\">\n\t\t\t\t\t\t\t\t\t\n<p>\u00a0 \u00a0 \u00a0A visita de estudo \u00e0 <strong>Feira Qualifica<\/strong>, realizada no dia 9 de mar\u00e7o, proporcionou aos alunos do <strong>Curso Profissional de Gest\u00e3o de Equipamentos Inform\u00e1ticos<\/strong>, do 1\u00ba e 2\u00ba ano, uma oportunidade \u00fanica de reflex\u00e3o sobre v\u00e1rios aspetos da sua forma\u00e7\u00e3o e futuro profissional. Os alunos analisaram diferentes op\u00e7\u00f5es de carreira no Ensino Superior, ponderando sobre suas \u00e1reas de interesse e estrat\u00e9gias para alcan\u00e7ar seus objetivos profissionais. Simultaneamente, tiveram a oportunidade de considerar o desenvolvimento de compet\u00eancias fundamentais para se tornarem profissionais completos.<\/p>\n\n<p>\u00a0 \u00a0 \u00a0No decorrer da feira, os alunos tiveram oportunidade de observar a <strong>aplica\u00e7\u00e3o pr\u00e1tica <\/strong>de alguns conceitos te\u00f3ricos, adquiridos em contexto de sala de aula, reconhecendo a import\u00e2ncia dessa integra\u00e7\u00e3o para uma aprendizagem eficiente e significativa. Ao entenderem melhor o funcionamento do mercado de trabalho na \u00e1rea de <strong>Gest\u00e3o de Equipamentos Inform\u00e1ticos<\/strong>, refletiram sobre como se preparar para os desafios e oportunidades que surgir\u00e3o ap\u00f3s a conclus\u00e3o do curso.<\/p>\n\n<p>\u00a0 \u00a0 \u00a0Al\u00e9m disso, a experi\u00eancia fortaleceu a rela\u00e7\u00e3o entre alunos e formadores, fomentando um ambiente de aprendizagem mais colaborativo e motivador.<\/p>\n\n<p>\u00a0 \u00a0 \u00a0Como resultado geral, a visita de estudo proporcionou aos alunos uma compreens\u00e3o mais ampla de suas op\u00e7\u00f5es de carreira, seu desenvolvimento pessoal e sua prepara\u00e7\u00e3o para o <strong>mercado de trabalho<\/strong>. A reflex\u00e3o sobre essa experi\u00eancia contribuir\u00e1 para que aproveitem ao m\u00e1ximo as suas aprendizagens e a planificar o seu futuro com maior consci\u00eancia e assertividade.<\/p>\n\n<div class=\"padlet-embed\" style=\"border: 1px solid rgba(0,0,0,0.1); border-radius: 2px; box-sizing: border-box; overflow: hidden; position: relative; width: 100%; background: #F4F4F4;\">\n<p style=\"padding: 0; margin: 0;\"><iframe style=\"width: 100%; height: 608px; display: block; padding: 0; margin: 0;\" src=\"https:\/\/padlet.com\/embed\/gv5919eeb9gv6pxr\" frameborder=\"0\"><\/iframe><\/p>\n<div style=\"display: flex; align-items: center; justify-content: end; margin: 0; height: 28px;\">\n<div style=\"display: flex; align-items: center;\"><img decoding=\"async\" style=\"padding: 0; margin: 0; background: 0 0; border: none; box-shadow: none;\" src=\"https:\/\/padlet.net\/embeds\/made_with_padlet_2022.png\" alt=\"Criado com o Padlet\" width=\"114\" height=\"28\" \/><\/div>\n<\/div>\n<\/div>\n\t\t\t\t\t\t\t\t<\/div>\n\t\t\t\t<\/div>\n\t\t\t\t\t<\/div>\n\t\t<\/div>\n\t\t\t\t\t<\/div>\n\t\t<\/section>\n\t\t\t\t<\/div>\n\t\t","protected":false},"excerpt":{"rendered":"<p>\u00a0 \u00a0 \u00a0A visita de estudo \u00e0 Feira Qualifica, realizada no dia 9 de mar\u00e7o, proporcionou aos alunos do Curso Profissional de Gest\u00e3o de Equipamentos Inform\u00e1ticos, do 1\u00ba e 2\u00ba ano, uma oportunidade \u00fanica de reflex\u00e3o sobre v\u00e1rios aspetos da sua forma\u00e7\u00e3o e futuro profissional. Os alunos analisaram diferentes op\u00e7\u00f5es de carreira no Ensino Superior, [&hellip;]<\/p>\n","protected":false},"author":1,"featured_media":2827,"comment_status":"closed","ping_status":"closed","sticky":false,"template":"","format":"standard","meta":{"footnotes":""},"categories":[2],"tags":[8,11],"class_list":["post-2800","post","type-post","status-publish","format-standard","has-post-thumbnail","hentry","category-noticias","tag-profissional","tag-tgei"],"blocksy_meta":[],"_links":{"self":[{"href":"https:\/\/eqavet.aeag.pt\/portal\/wp-json\/wp\/v2\/posts\/2800","targetHints":{"allow":["GET"]}}],"collection":[{"href":"https:\/\/eqavet.aeag.pt\/portal\/wp-json\/wp\/v2\/posts"}],"about":[{"href":"https:\/\/eqavet.aeag.pt\/portal\/wp-json\/wp\/v2\/types\/post"}],"author":[{"embeddable":true,"href":"https:\/\/eqavet.aeag.pt\/portal\/wp-json\/wp\/v2\/users\/1"}],"replies":[{"embeddable":true,"href":"https:\/\/eqavet.aeag.pt\/portal\/wp-json\/wp\/v2\/comments?post=2800"}],"version-history":[{"count":0,"href":"https:\/\/eqavet.aeag.pt\/portal\/wp-json\/wp\/v2\/posts\/2800\/revisions"}],"wp:featuredmedia":[{"embeddable":true,"href":"https:\/\/eqavet.aeag.pt\/portal\/wp-json\/wp\/v2\/media\/2827"}],"wp:attachment":[{"href":"https:\/\/eqavet.aeag.pt\/portal\/wp-json\/wp\/v2\/media?parent=2800"}],"wp:term":[{"taxonomy":"category","embeddable":true,"href":"https:\/\/eqavet.aeag.pt\/portal\/wp-json\/wp\/v2\/categories?post=2800"},{"taxonomy":"post_tag","embeddable":true,"href":"https:\/\/eqavet.aeag.pt\/portal\/wp-json\/wp\/v2\/tags?post=2800"}],"curies":[{"name":"wp","href":"https:\/\/api.w.org\/{rel}","templated":true}]}}