{"id":696,"date":"2021-12-20T16:30:00","date_gmt":"2021-12-20T16:30:00","guid":{"rendered":"https:\/\/eqavet.aeag.pt\/portal\/?p=696"},"modified":"2025-02-02T19:08:10","modified_gmt":"2025-02-02T19:08:10","slug":"tecnico-auxiliar-de-saude","status":"publish","type":"post","link":"https:\/\/eqavet.aeag.pt\/portal\/tecnico-auxiliar-de-saude\/","title":{"rendered":"T\u00e9cnico Auxiliar de Sa\u00fade"},"content":{"rendered":"\t\t<div data-elementor-type=\"wp-post\" data-elementor-id=\"696\" class=\"elementor elementor-696\">\n\t\t\t\t\t\t<section class=\"elementor-section elementor-top-section elementor-element elementor-element-b72ba4f elementor-section-full_width elementor-section-height-min-height elementor-section-height-default elementor-section-items-middle\" data-id=\"b72ba4f\" data-element_type=\"section\" data-e-type=\"section\" data-settings=\"{&quot;background_background&quot;:&quot;classic&quot;}\">\n\t\t\t\t\t\t<div class=\"elementor-container elementor-column-gap-default\">\n\t\t\t\t\t<div class=\"elementor-column elementor-col-100 elementor-top-column elementor-element elementor-element-5eac15b\" data-id=\"5eac15b\" data-element_type=\"column\" data-e-type=\"column\">\n\t\t\t<div class=\"elementor-widget-wrap elementor-element-populated\">\n\t\t\t\t\t\t<div class=\"elementor-element elementor-element-eb01267 elementor-widget elementor-widget-heading\" data-id=\"eb01267\" data-element_type=\"widget\" data-e-type=\"widget\" data-widget_type=\"heading.default\">\n\t\t\t\t<div class=\"elementor-widget-container\">\n\t\t\t\t\t<h1 class=\"elementor-heading-title elementor-size-default\">T\u00c9CNICO AUXILAR DE SA\u00daDE<\/h1>\t\t\t\t<\/div>\n\t\t\t\t<\/div>\n\t\t\t\t\t<\/div>\n\t\t<\/div>\n\t\t\t\t\t<\/div>\n\t\t<\/section>\n\t\t\t\t<section class=\"elementor-section elementor-top-section elementor-element elementor-element-d9e4db3 elementor-section-boxed elementor-section-height-default elementor-section-height-default\" data-id=\"d9e4db3\" data-element_type=\"section\" data-e-type=\"section\">\n\t\t\t\t\t\t<div class=\"elementor-container elementor-column-gap-default\">\n\t\t\t\t\t<div class=\"elementor-column elementor-col-50 elementor-top-column elementor-element elementor-element-54779a8\" data-id=\"54779a8\" data-element_type=\"column\" data-e-type=\"column\">\n\t\t\t<div class=\"elementor-widget-wrap elementor-element-populated\">\n\t\t\t\t\t\t<div class=\"elementor-element elementor-element-1972286 elementor-widget elementor-widget-heading\" data-id=\"1972286\" data-element_type=\"widget\" data-e-type=\"widget\" data-widget_type=\"heading.default\">\n\t\t\t\t<div class=\"elementor-widget-container\">\n\t\t\t\t\t<h3 class=\"elementor-heading-title elementor-size-default\">T\u00c9CNICO AUXILAR DE SA\u00daDE<\/h3>\t\t\t\t<\/div>\n\t\t\t\t<\/div>\n\t\t\t\t<div class=\"elementor-element elementor-element-8c336db elementor-widget elementor-widget-text-editor\" data-id=\"8c336db\" data-element_type=\"widget\" data-e-type=\"widget\" data-widget_type=\"text-editor.default\">\n\t\t\t\t<div class=\"elementor-widget-container\">\n\t\t\t\t\t\t\t\t\t<p><strong>\u00c1rea de Educa\u00e7\u00e3o e Forma\u00e7\u00e3o:<\/strong> 729 &#8211; Sa\u00fade<br \/>Programas n\u00e3o Classificados Noutra \u00c1rea de Forma\u00e7\u00e3o;<\/p><p><strong>N\u00edvel QNQ\/QEQ:<\/strong>\u00a0N\u00edvel 4<\/p>\t\t\t\t\t\t\t\t<\/div>\n\t\t\t\t<\/div>\n\t\t\t\t<div class=\"elementor-element elementor-element-fa12957 elementor-widget elementor-widget-text-editor\" data-id=\"fa12957\" data-element_type=\"widget\" data-e-type=\"widget\" data-widget_type=\"text-editor.default\">\n\t\t\t\t<div class=\"elementor-widget-container\">\n\t\t\t\t\t\t\t\t\t<p style=\"text-align: left;\"><strong>\u00a0 \u00a0 \u00a0O T\u00e9cnico Auxiliar de Sa\u00fade<\/strong> \u00e9 o\/a profissional que auxilia na <strong>presta\u00e7\u00e3o<\/strong> de <strong>cuidados<\/strong> de <strong>sa\u00fade<\/strong> aos utentes, na recolha e transporte de amostras biol\u00f3gicas, na limpeza, higieniza\u00e7\u00e3o e transporte de roupas, materiais e equipamentos, na limpeza e higieniza\u00e7\u00e3o dos espa\u00e7os e no apoio log\u00edstico e administrativo das diferentes <strong>unidades e servi\u00e7os de sa\u00fade<\/strong>, sob orienta\u00e7\u00f5es do profissional de sa\u00fade.<\/p>\t\t\t\t\t\t\t\t<\/div>\n\t\t\t\t<\/div>\n\t\t\t\t<div class=\"elementor-element elementor-element-5663e03 elementor-widget elementor-widget-image\" data-id=\"5663e03\" data-element_type=\"widget\" data-e-type=\"widget\" data-widget_type=\"image.default\">\n\t\t\t\t<div class=\"elementor-widget-container\">\n\t\t\t\t\t\t\t\t\t\t\t\t\t\t\t<img fetchpriority=\"high\" decoding=\"async\" width=\"1024\" height=\"684\" src=\"https:\/\/eqavet.aeag.pt\/portal\/wp-content\/uploads\/2021\/12\/curso_tas1-1024x684.jpg\" class=\"attachment-large size-large wp-image-697\" alt=\"\" srcset=\"https:\/\/eqavet.aeag.pt\/portal\/wp-content\/uploads\/2021\/12\/curso_tas1-1024x684.jpg 1024w, https:\/\/eqavet.aeag.pt\/portal\/wp-content\/uploads\/2021\/12\/curso_tas1-300x200.jpg 300w, https:\/\/eqavet.aeag.pt\/portal\/wp-content\/uploads\/2021\/12\/curso_tas1-768x513.jpg 768w, https:\/\/eqavet.aeag.pt\/portal\/wp-content\/uploads\/2021\/12\/curso_tas1-1536x1025.jpg 1536w, https:\/\/eqavet.aeag.pt\/portal\/wp-content\/uploads\/2021\/12\/curso_tas1.jpg 1919w\" sizes=\"(max-width: 1024px) 100vw, 1024px\" \/>\t\t\t\t\t\t\t\t\t\t\t\t\t\t\t<\/div>\n\t\t\t\t<\/div>\n\t\t\t\t<div class=\"elementor-element elementor-element-b262005 elementor-widget elementor-widget-accordion\" data-id=\"b262005\" data-element_type=\"widget\" data-e-type=\"widget\" data-widget_type=\"accordion.default\">\n\t\t\t\t<div class=\"elementor-widget-container\">\n\t\t\t\t\t\t\t<div class=\"elementor-accordion\">\n\t\t\t\t\t\t\t<div class=\"elementor-accordion-item\">\n\t\t\t\t\t<div id=\"elementor-tab-title-1871\" class=\"elementor-tab-title\" data-tab=\"1\" role=\"button\" aria-controls=\"elementor-tab-content-1871\" aria-expanded=\"false\">\n\t\t\t\t\t\t\t\t\t\t\t\t\t<span class=\"elementor-accordion-icon elementor-accordion-icon-right\" aria-hidden=\"true\">\n\t\t\t\t\t\t\t\t\t\t\t\t\t\t\t<span class=\"elementor-accordion-icon-closed\"><i class=\"fas fa-plus\"><\/i><\/span>\n\t\t\t\t\t\t\t\t<span class=\"elementor-accordion-icon-opened\"><i class=\"fas fa-minus\"><\/i><\/span>\n\t\t\t\t\t\t\t\t\t\t\t\t\t\t<\/span>\n\t\t\t\t\t\t\t\t\t\t\t\t<a class=\"elementor-accordion-title\" tabindex=\"0\">DURA\u00c7\u00c3O<\/a>\n\t\t\t\t\t<\/div>\n\t\t\t\t\t<div id=\"elementor-tab-content-1871\" class=\"elementor-tab-content elementor-clearfix\" data-tab=\"1\" role=\"region\" aria-labelledby=\"elementor-tab-title-1871\"><ul><li>3 anos letivos &#8211; (inclu\u00eddo o est\u00e1gio)<\/li><\/ul><\/div>\n\t\t\t\t<\/div>\n\t\t\t\t\t\t\t<div class=\"elementor-accordion-item\">\n\t\t\t\t\t<div id=\"elementor-tab-title-1872\" class=\"elementor-tab-title\" data-tab=\"2\" role=\"button\" aria-controls=\"elementor-tab-content-1872\" aria-expanded=\"false\">\n\t\t\t\t\t\t\t\t\t\t\t\t\t<span class=\"elementor-accordion-icon elementor-accordion-icon-right\" aria-hidden=\"true\">\n\t\t\t\t\t\t\t\t\t\t\t\t\t\t\t<span class=\"elementor-accordion-icon-closed\"><i class=\"fas fa-plus\"><\/i><\/span>\n\t\t\t\t\t\t\t\t<span class=\"elementor-accordion-icon-opened\"><i class=\"fas fa-minus\"><\/i><\/span>\n\t\t\t\t\t\t\t\t\t\t\t\t\t\t<\/span>\n\t\t\t\t\t\t\t\t\t\t\t\t<a class=\"elementor-accordion-title\" tabindex=\"0\">CONDI\u00c7\u00d5ES DE ACESSO<\/a>\n\t\t\t\t\t<\/div>\n\t\t\t\t\t<div id=\"elementor-tab-content-1872\" class=\"elementor-tab-content elementor-clearfix\" data-tab=\"2\" role=\"region\" aria-labelledby=\"elementor-tab-title-1872\"><ul><li><p>9\u00ba ano de escolaridade;<\/p><\/li><li><p>N\u00e3o superior a 19 anos (\u00e0 data de in\u00edcio do ano escolar).<\/p><\/li><li><p>Ficar aprovado mediante os requisitos de ingresso e a entrevista<\/p><\/li><\/ul><\/div>\n\t\t\t\t<\/div>\n\t\t\t\t\t\t\t<div class=\"elementor-accordion-item\">\n\t\t\t\t\t<div id=\"elementor-tab-title-1873\" class=\"elementor-tab-title\" data-tab=\"3\" role=\"button\" aria-controls=\"elementor-tab-content-1873\" aria-expanded=\"false\">\n\t\t\t\t\t\t\t\t\t\t\t\t\t<span class=\"elementor-accordion-icon elementor-accordion-icon-right\" aria-hidden=\"true\">\n\t\t\t\t\t\t\t\t\t\t\t\t\t\t\t<span class=\"elementor-accordion-icon-closed\"><i class=\"fas fa-plus\"><\/i><\/span>\n\t\t\t\t\t\t\t\t<span class=\"elementor-accordion-icon-opened\"><i class=\"fas fa-minus\"><\/i><\/span>\n\t\t\t\t\t\t\t\t\t\t\t\t\t\t<\/span>\n\t\t\t\t\t\t\t\t\t\t\t\t<a class=\"elementor-accordion-title\" tabindex=\"0\">CERTIFICA\u00c7\u00c3O<\/a>\n\t\t\t\t\t<\/div>\n\t\t\t\t\t<div id=\"elementor-tab-content-1873\" class=\"elementor-tab-content elementor-clearfix\" data-tab=\"3\" role=\"region\" aria-labelledby=\"elementor-tab-title-1873\"><ul><li><strong>Certifica\u00e7\u00e3o profissional:<\/strong> Qualifica\u00e7\u00e3o Profissional de n\u00edvel 4.<\/li><li><strong>Certifica\u00e7\u00e3o escolar: <\/strong>Ensino Secund\u00e1rio (12.\u00ba ano).<\/li><li><strong>Acesso ao Ensino Superior: <\/strong>Cursos T\u00e9cnicos Superiores Profissionais (de acordo com as normas de cada Institui\u00e7\u00e3o); Licenciatura (com realiza\u00e7\u00e3o de exame nacional como prova espec\u00edfica).<\/li><\/ul><\/div>\n\t\t\t\t<\/div>\n\t\t\t\t\t\t\t<div class=\"elementor-accordion-item\">\n\t\t\t\t\t<div id=\"elementor-tab-title-1874\" class=\"elementor-tab-title\" data-tab=\"4\" role=\"button\" aria-controls=\"elementor-tab-content-1874\" aria-expanded=\"false\">\n\t\t\t\t\t\t\t\t\t\t\t\t\t<span class=\"elementor-accordion-icon elementor-accordion-icon-right\" aria-hidden=\"true\">\n\t\t\t\t\t\t\t\t\t\t\t\t\t\t\t<span class=\"elementor-accordion-icon-closed\"><i class=\"fas fa-plus\"><\/i><\/span>\n\t\t\t\t\t\t\t\t<span class=\"elementor-accordion-icon-opened\"><i class=\"fas fa-minus\"><\/i><\/span>\n\t\t\t\t\t\t\t\t\t\t\t\t\t\t<\/span>\n\t\t\t\t\t\t\t\t\t\t\t\t<a class=\"elementor-accordion-title\" tabindex=\"0\">SA\u00cdDAS PROFISSIONAIS<\/a>\n\t\t\t\t\t<\/div>\n\t\t\t\t\t<div id=\"elementor-tab-content-1874\" class=\"elementor-tab-content elementor-clearfix\" data-tab=\"4\" role=\"region\" aria-labelledby=\"elementor-tab-title-1874\"><p>O <strong>t\u00e9cnico auxiliar de sa\u00fade<\/strong> pode exercer a sua atividade profissional em:<\/p><ul><li>Hospitais<\/li><li>Centros de sa\u00fade<\/li><li>Cl\u00ednicas m\u00e9dicas<\/li><li>Centros de diagn\u00f3stico<\/li><li>Estruturas residenciais de terceira idade<\/li><li>Unidades de cuidados continuados<\/li><li>Servi\u00e7os de apoio domicili\u00e1rio<\/li><\/ul><\/div>\n\t\t\t\t<\/div>\n\t\t\t\t\t\t\t\t<\/div>\n\t\t\t\t\t\t<\/div>\n\t\t\t\t<\/div>\n\t\t\t\t<div class=\"elementor-element elementor-element-9f51732 elementor-widget elementor-widget-heading\" data-id=\"9f51732\" data-element_type=\"widget\" data-e-type=\"widget\" data-widget_type=\"heading.default\">\n\t\t\t\t<div class=\"elementor-widget-container\">\n\t\t\t\t\t<h3 class=\"elementor-heading-title elementor-size-default\">PRINCIPAIS APOIOS e BENEF\u00cdCIOS<\/h3>\t\t\t\t<\/div>\n\t\t\t\t<\/div>\n\t\t\t\t<div class=\"elementor-element elementor-element-6da82a6 elementor-widget elementor-widget-text-editor\" data-id=\"6da82a6\" data-element_type=\"widget\" data-e-type=\"widget\" data-widget_type=\"text-editor.default\">\n\t\t\t\t<div class=\"elementor-widget-container\">\n\t\t\t\t\t\t\t\t\t<ul><li><strong>Bolsa de material <\/strong>escolar (benefici\u00e1rios da ASE)<\/li><li><strong>Refei\u00e7\u00e3o <\/strong>(no refeit\u00f3rio da escola \/ subs\u00eddio durante o per\u00edodo de est\u00e1gio)<\/li><li><strong>Transporte<\/strong><\/li><li><strong>Bolsa <\/strong>de <strong>profissionaliza\u00e7\u00e3o<\/strong> (10% do IAS)<\/li><li><strong>Subs\u00eddio<\/strong> de <strong>alojamento<\/strong> (residentes a mais de 50 km)<\/li><\/ul>\t\t\t\t\t\t\t\t<\/div>\n\t\t\t\t<\/div>\n\t\t\t\t\t<\/div>\n\t\t<\/div>\n\t\t\t\t<div class=\"elementor-column elementor-col-50 elementor-top-column elementor-element elementor-element-2119055\" data-id=\"2119055\" data-element_type=\"column\" data-e-type=\"column\">\n\t\t\t<div class=\"elementor-widget-wrap elementor-element-populated\">\n\t\t\t\t\t\t\t<\/div>\n\t\t<\/div>\n\t\t\t\t\t<\/div>\n\t\t<\/section>\n\t\t\t\t<section class=\"elementor-section elementor-top-section elementor-element elementor-element-4927225 elementor-section-boxed elementor-section-height-default elementor-section-height-default\" data-id=\"4927225\" data-element_type=\"section\" data-e-type=\"section\" data-settings=\"{&quot;background_background&quot;:&quot;classic&quot;}\">\n\t\t\t\t\t\t<div class=\"elementor-container elementor-column-gap-default\">\n\t\t\t\t\t<div class=\"elementor-column elementor-col-50 elementor-top-column elementor-element elementor-element-2e067b5\" data-id=\"2e067b5\" data-element_type=\"column\" data-e-type=\"column\">\n\t\t\t<div class=\"elementor-widget-wrap elementor-element-populated\">\n\t\t\t\t\t\t<div class=\"elementor-element elementor-element-8689fa4 elementor-widget elementor-widget-heading\" data-id=\"8689fa4\" data-element_type=\"widget\" data-e-type=\"widget\" data-widget_type=\"heading.default\">\n\t\t\t\t<div class=\"elementor-widget-container\">\n\t\t\t\t\t<h3 class=\"elementor-heading-title elementor-size-default\">PLANO CURRICULAR<\/h3>\t\t\t\t<\/div>\n\t\t\t\t<\/div>\n\t\t\t\t<div class=\"elementor-element elementor-element-dc19b95 elementor-widget elementor-widget-button\" data-id=\"dc19b95\" data-element_type=\"widget\" data-e-type=\"widget\" data-widget_type=\"button.default\">\n\t\t\t\t<div class=\"elementor-widget-container\">\n\t\t\t\t\t\t\t\t\t<div class=\"elementor-button-wrapper\">\n\t\t\t\t\t<a class=\"elementor-button elementor-button-link elementor-size-sm\" href=\"https:\/\/eqavet.aeag.pt\/portal\/Documentos\/Curriculos\/curso_plano_curricular_tas_2021_2024.pdf\" target=\"_blank\">\n\t\t\t\t\t\t<span class=\"elementor-button-content-wrapper\">\n\t\t\t\t\t\t\t\t\t<span class=\"elementor-button-text\">Consulta o Plano de Estudos<\/span>\n\t\t\t\t\t<\/span>\n\t\t\t\t\t<\/a>\n\t\t\t\t<\/div>\n\t\t\t\t\t\t\t\t<\/div>\n\t\t\t\t<\/div>\n\t\t\t\t\t<\/div>\n\t\t<\/div>\n\t\t\t\t<div class=\"elementor-column elementor-col-50 elementor-top-column elementor-element elementor-element-31e6c4a\" data-id=\"31e6c4a\" data-element_type=\"column\" data-e-type=\"column\">\n\t\t\t<div class=\"elementor-widget-wrap elementor-element-populated\">\n\t\t\t\t\t\t<div class=\"elementor-element elementor-element-21a20a7 elementor-widget elementor-widget-image\" data-id=\"21a20a7\" data-element_type=\"widget\" data-e-type=\"widget\" data-widget_type=\"image.default\">\n\t\t\t\t<div class=\"elementor-widget-container\">\n\t\t\t\t\t\t\t\t\t\t\t\t\t\t\t<img decoding=\"async\" width=\"300\" height=\"160\" src=\"https:\/\/eqavet.aeag.pt\/portal\/wp-content\/uploads\/2022\/03\/logo_tas-300x160.png\" class=\"attachment-medium size-medium wp-image-1581\" alt=\"T\u00e9cnico Auxiliar de Sa\u00fade\" srcset=\"https:\/\/eqavet.aeag.pt\/portal\/wp-content\/uploads\/2022\/03\/logo_tas-300x160.png 300w, https:\/\/eqavet.aeag.pt\/portal\/wp-content\/uploads\/2022\/03\/logo_tas-1024x545.png 1024w, https:\/\/eqavet.aeag.pt\/portal\/wp-content\/uploads\/2022\/03\/logo_tas-768x409.png 768w, https:\/\/eqavet.aeag.pt\/portal\/wp-content\/uploads\/2022\/03\/logo_tas-1536x818.png 1536w, https:\/\/eqavet.aeag.pt\/portal\/wp-content\/uploads\/2022\/03\/logo_tas.png 1823w\" sizes=\"(max-width: 300px) 100vw, 300px\" \/>\t\t\t\t\t\t\t\t\t\t\t\t\t\t\t<\/div>\n\t\t\t\t<\/div>\n\t\t\t\t\t<\/div>\n\t\t<\/div>\n\t\t\t\t\t<\/div>\n\t\t<\/section>\n\t\t\t\t<section class=\"elementor-section elementor-top-section elementor-element elementor-element-42e4169 elementor-section-boxed elementor-section-height-default elementor-section-height-default\" data-id=\"42e4169\" data-element_type=\"section\" data-e-type=\"section\" data-settings=\"{&quot;background_background&quot;:&quot;classic&quot;}\">\n\t\t\t\t\t\t<div class=\"elementor-container elementor-column-gap-default\">\n\t\t\t\t\t<div class=\"elementor-column elementor-col-50 elementor-top-column elementor-element elementor-element-fe3f1c4\" data-id=\"fe3f1c4\" data-element_type=\"column\" data-e-type=\"column\">\n\t\t\t<div class=\"elementor-widget-wrap elementor-element-populated\">\n\t\t\t\t\t\t<div class=\"elementor-element elementor-element-342d2d1 elementor-widget elementor-widget-heading\" data-id=\"342d2d1\" data-element_type=\"widget\" data-e-type=\"widget\" data-widget_type=\"heading.default\">\n\t\t\t\t<div class=\"elementor-widget-container\">\n\t\t\t\t\t<h3 class=\"elementor-heading-title elementor-size-default\">candidatura<\/h3>\t\t\t\t<\/div>\n\t\t\t\t<\/div>\n\t\t\t\t<div class=\"elementor-element elementor-element-c6911e0 elementor-widget elementor-widget-text-editor\" data-id=\"c6911e0\" data-element_type=\"widget\" data-e-type=\"widget\" data-widget_type=\"text-editor.default\">\n\t\t\t\t<div class=\"elementor-widget-container\">\n\t\t\t\t\t\t\t\t\t<p>\u00a0 \u00a0 \u00a0A inscri\u00e7\u00e3o pode ser feita diretamente nos Servi\u00e7os Administrativos (Secretaria) da Escola.<\/p><p>\u00a0 \u00a0 \u00a0N\u00e3o te esque\u00e7as de entregar ainda, nos Servi\u00e7os Administrativos do Agrupamento de Escolas Dr. Ant\u00f3nio Granjo, as classifica\u00e7\u00f5es do 9\u00ba Ano (Registo Biogr\u00e1fico) que dever\u00e1s pedir na tua atual escola.<\/p><p><strong>\u00a0 \u00a0 \u00a0Obrigado pela tua prefer\u00eancia!<\/strong><\/p>\t\t\t\t\t\t\t\t<\/div>\n\t\t\t\t<\/div>\n\t\t\t\t\t<\/div>\n\t\t<\/div>\n\t\t\t\t<div class=\"elementor-column elementor-col-50 elementor-top-column elementor-element elementor-element-c4163d2\" data-id=\"c4163d2\" data-element_type=\"column\" data-e-type=\"column\">\n\t\t\t<div class=\"elementor-widget-wrap\">\n\t\t\t\t\t\t\t<\/div>\n\t\t<\/div>\n\t\t\t\t\t<\/div>\n\t\t<\/section>\n\t\t\t\t<\/div>\n\t\t","protected":false},"excerpt":{"rendered":"<p>T\u00e9cnico Auxiliar de Sa\u00fade<\/p>\n","protected":false},"author":1,"featured_media":697,"comment_status":"closed","ping_status":"closed","sticky":false,"template":"elementor_header_footer","format":"standard","meta":{"footnotes":""},"categories":[6],"tags":[8],"class_list":["post-696","post","type-post","status-publish","format-standard","has-post-thumbnail","hentry","category-cursos","tag-profissional"],"blocksy_meta":{"styles_descriptor":{"styles":{"desktop":"","tablet":"","mobile":""},"google_fonts":[],"version":6}},"_links":{"self":[{"href":"https:\/\/eqavet.aeag.pt\/portal\/wp-json\/wp\/v2\/posts\/696","targetHints":{"allow":["GET"]}}],"collection":[{"href":"https:\/\/eqavet.aeag.pt\/portal\/wp-json\/wp\/v2\/posts"}],"about":[{"href":"https:\/\/eqavet.aeag.pt\/portal\/wp-json\/wp\/v2\/types\/post"}],"author":[{"embeddable":true,"href":"https:\/\/eqavet.aeag.pt\/portal\/wp-json\/wp\/v2\/users\/1"}],"replies":[{"embeddable":true,"href":"https:\/\/eqavet.aeag.pt\/portal\/wp-json\/wp\/v2\/comments?post=696"}],"version-history":[{"count":0,"href":"https:\/\/eqavet.aeag.pt\/portal\/wp-json\/wp\/v2\/posts\/696\/revisions"}],"wp:featuredmedia":[{"embeddable":true,"href":"https:\/\/eqavet.aeag.pt\/portal\/wp-json\/wp\/v2\/media\/697"}],"wp:attachment":[{"href":"https:\/\/eqavet.aeag.pt\/portal\/wp-json\/wp\/v2\/media?parent=696"}],"wp:term":[{"taxonomy":"category","embeddable":true,"href":"https:\/\/eqavet.aeag.pt\/portal\/wp-json\/wp\/v2\/categories?post=696"},{"taxonomy":"post_tag","embeddable":true,"href":"https:\/\/eqavet.aeag.pt\/portal\/wp-json\/wp\/v2\/tags?post=696"}],"curies":[{"name":"wp","href":"https:\/\/api.w.org\/{rel}","templated":true}]}}